{"id":21286,"date":"2024-07-02T08:46:01","date_gmt":"2024-07-02T06:46:01","guid":{"rendered":"https:\/\/www.estran-brest.fr\/charles-de-foucauld\/?p=21286"},"modified":"2024-07-02T08:49:55","modified_gmt":"2024-07-02T06:49:55","slug":"une-boum-pour-les-cm2-de-charles-de-foucauld","status":"publish","type":"post","link":"https:\/\/www.estran-brest.fr\/charles-de-foucauld\/2024\/07\/02\/une-boum-pour-les-cm2-de-charles-de-foucauld\/","title":{"rendered":"Une Boum pour les CM2 de Charles de Foucauld !"},"content":{"rendered":"\n<p>Les CM2 de Charles de Foucauld ont f\u00eat\u00e9 leur fin de primaire avec une boum ! <\/p>\n\n\n\n<p>Au menu : musique, ballons, g\u00e2teaux, cr\u00eapes, bonbons, fontaine de chocolat et barbe \u00e0 papa. Beaucoup de sucre et de bonne humeur ! <\/p>\n\n\n\n<p>Les enfants ont m\u00eame g\u00e9r\u00e9 le m\u00e9nage du pr\u00e9au ensemble. Un joli souvenir avant le coll\u00e8ge ! \ud83c\udf88\u2728<\/p>\n\n\n\n<figure class=\"wp-block-gallery has-nested-images columns-default is-cropped wp-block-gallery-1 is-layout-flex wp-block-gallery-is-layout-flex\">\n<figure class=\"wp-block-image size-large\"><img loading=\"lazy\" decoding=\"async\" width=\"768\" height=\"1024\" data-id=\"21287\" src=\"https:\/\/www.estran-brest.fr\/charles-de-foucauld\/wp-content\/uploads\/sites\/5\/2024\/07\/IMG-20240701-WA0000-768x1024.jpg\" alt=\"\" class=\"wp-image-21287\" srcset=\"https:\/\/www.estran-brest.fr\/charles-de-foucauld\/wp-content\/uploads\/sites\/5\/2024\/07\/IMG-20240701-WA0000-768x1024.jpg 768w, https:\/\/www.estran-brest.fr\/charles-de-foucauld\/wp-content\/uploads\/sites\/5\/2024\/07\/IMG-20240701-WA0000-225x300.jpg 225w, https:\/\/www.estran-brest.fr\/charles-de-foucauld\/wp-content\/uploads\/sites\/5\/2024\/07\/IMG-20240701-WA0000-1152x1536.jpg 1152w, https:\/\/www.estran-brest.fr\/charles-de-foucauld\/wp-content\/uploads\/sites\/5\/2024\/07\/IMG-20240701-WA0000-600x800.jpg 600w, https:\/\/www.estran-brest.fr\/charles-de-foucauld\/wp-content\/uploads\/sites\/5\/2024\/07\/IMG-20240701-WA0000.jpg 1200w\" sizes=\"auto, (max-width: 768px) 100vw, 768px\" \/><\/figure>\n\n\n\n<figure class=\"wp-block-image size-large\"><img loading=\"lazy\" decoding=\"async\" width=\"768\" height=\"1024\" data-id=\"21288\" src=\"https:\/\/www.estran-brest.fr\/charles-de-foucauld\/wp-content\/uploads\/sites\/5\/2024\/07\/IMG-20240701-WA0001-768x1024.jpg\" alt=\"\" class=\"wp-image-21288\" srcset=\"https:\/\/www.estran-brest.fr\/charles-de-foucauld\/wp-content\/uploads\/sites\/5\/2024\/07\/IMG-20240701-WA0001-768x1024.jpg 768w, https:\/\/www.estran-brest.fr\/charles-de-foucauld\/wp-content\/uploads\/sites\/5\/2024\/07\/IMG-20240701-WA0001-225x300.jpg 225w, https:\/\/www.estran-brest.fr\/charles-de-foucauld\/wp-content\/uploads\/sites\/5\/2024\/07\/IMG-20240701-WA0001-1152x1536.jpg 1152w, https:\/\/www.estran-brest.fr\/charles-de-foucauld\/wp-content\/uploads\/sites\/5\/2024\/07\/IMG-20240701-WA0001-600x800.jpg 600w, https:\/\/www.estran-brest.fr\/charles-de-foucauld\/wp-content\/uploads\/sites\/5\/2024\/07\/IMG-20240701-WA0001.jpg 1200w\" sizes=\"auto, (max-width: 768px) 100vw, 768px\" \/><\/figure>\n\n\n\n<figure class=\"wp-block-image size-large\"><img loading=\"lazy\" decoding=\"async\" width=\"1024\" height=\"768\" data-id=\"21289\" src=\"https:\/\/www.estran-brest.fr\/charles-de-foucauld\/wp-content\/uploads\/sites\/5\/2024\/07\/IMG-20240701-WA0002-1024x768.jpg\" alt=\"\" class=\"wp-image-21289\" srcset=\"https:\/\/www.estran-brest.fr\/charles-de-foucauld\/wp-content\/uploads\/sites\/5\/2024\/07\/IMG-20240701-WA0002-1024x768.jpg 1024w, https:\/\/www.estran-brest.fr\/charles-de-foucauld\/wp-content\/uploads\/sites\/5\/2024\/07\/IMG-20240701-WA0002-300x225.jpg 300w, https:\/\/www.estran-brest.fr\/charles-de-foucauld\/wp-content\/uploads\/sites\/5\/2024\/07\/IMG-20240701-WA0002-768x576.jpg 768w, https:\/\/www.estran-brest.fr\/charles-de-foucauld\/wp-content\/uploads\/sites\/5\/2024\/07\/IMG-20240701-WA0002-1536x1152.jpg 1536w, https:\/\/www.estran-brest.fr\/charles-de-foucauld\/wp-content\/uploads\/sites\/5\/2024\/07\/IMG-20240701-WA0002-600x450.jpg 600w, https:\/\/www.estran-brest.fr\/charles-de-foucauld\/wp-content\/uploads\/sites\/5\/2024\/07\/IMG-20240701-WA0002.jpg 1600w\" sizes=\"auto, (max-width: 1024px) 100vw, 1024px\" \/><\/figure>\n\n\n\n<figure class=\"wp-block-image size-large\"><img loading=\"lazy\" decoding=\"async\" width=\"768\" height=\"1024\" data-id=\"21290\" src=\"https:\/\/www.estran-brest.fr\/charles-de-foucauld\/wp-content\/uploads\/sites\/5\/2024\/07\/IMG-20240701-WA0003-768x1024.jpg\" alt=\"\" class=\"wp-image-21290\" srcset=\"https:\/\/www.estran-brest.fr\/charles-de-foucauld\/wp-content\/uploads\/sites\/5\/2024\/07\/IMG-20240701-WA0003-768x1024.jpg 768w, https:\/\/www.estran-brest.fr\/charles-de-foucauld\/wp-content\/uploads\/sites\/5\/2024\/07\/IMG-20240701-WA0003-225x300.jpg 225w, https:\/\/www.estran-brest.fr\/charles-de-foucauld\/wp-content\/uploads\/sites\/5\/2024\/07\/IMG-20240701-WA0003-1152x1536.jpg 1152w, https:\/\/www.estran-brest.fr\/charles-de-foucauld\/wp-content\/uploads\/sites\/5\/2024\/07\/IMG-20240701-WA0003-600x800.jpg 600w, https:\/\/www.estran-brest.fr\/charles-de-foucauld\/wp-content\/uploads\/sites\/5\/2024\/07\/IMG-20240701-WA0003.jpg 1200w\" sizes=\"auto, (max-width: 768px) 100vw, 768px\" \/><\/figure>\n\n\n\n<figure class=\"wp-block-image size-large\"><img loading=\"lazy\" decoding=\"async\" width=\"1024\" height=\"768\" data-id=\"21291\" src=\"https:\/\/www.estran-brest.fr\/charles-de-foucauld\/wp-content\/uploads\/sites\/5\/2024\/07\/IMG-20240701-WA0004-1024x768.jpg\" alt=\"\" class=\"wp-image-21291\" srcset=\"https:\/\/www.estran-brest.fr\/charles-de-foucauld\/wp-content\/uploads\/sites\/5\/2024\/07\/IMG-20240701-WA0004-1024x768.jpg 1024w, https:\/\/www.estran-brest.fr\/charles-de-foucauld\/wp-content\/uploads\/sites\/5\/2024\/07\/IMG-20240701-WA0004-300x225.jpg 300w, https:\/\/www.estran-brest.fr\/charles-de-foucauld\/wp-content\/uploads\/sites\/5\/2024\/07\/IMG-20240701-WA0004-768x576.jpg 768w, https:\/\/www.estran-brest.fr\/charles-de-foucauld\/wp-content\/uploads\/sites\/5\/2024\/07\/IMG-20240701-WA0004-1536x1152.jpg 1536w, https:\/\/www.estran-brest.fr\/charles-de-foucauld\/wp-content\/uploads\/sites\/5\/2024\/07\/IMG-20240701-WA0004-600x450.jpg 600w, https:\/\/www.estran-brest.fr\/charles-de-foucauld\/wp-content\/uploads\/sites\/5\/2024\/07\/IMG-20240701-WA0004.jpg 1600w\" sizes=\"auto, (max-width: 1024px) 100vw, 1024px\" \/><\/figure>\n\n\n\n<figure class=\"wp-block-image size-large\"><img loading=\"lazy\" decoding=\"async\" width=\"768\" height=\"1024\" data-id=\"21292\" src=\"https:\/\/www.estran-brest.fr\/charles-de-foucauld\/wp-content\/uploads\/sites\/5\/2024\/07\/IMG-20240701-WA0005-768x1024.jpg\" alt=\"\" class=\"wp-image-21292\" srcset=\"https:\/\/www.estran-brest.fr\/charles-de-foucauld\/wp-content\/uploads\/sites\/5\/2024\/07\/IMG-20240701-WA0005-768x1024.jpg 768w, https:\/\/www.estran-brest.fr\/charles-de-foucauld\/wp-content\/uploads\/sites\/5\/2024\/07\/IMG-20240701-WA0005-225x300.jpg 225w, https:\/\/www.estran-brest.fr\/charles-de-foucauld\/wp-content\/uploads\/sites\/5\/2024\/07\/IMG-20240701-WA0005-1152x1536.jpg 1152w, https:\/\/www.estran-brest.fr\/charles-de-foucauld\/wp-content\/uploads\/sites\/5\/2024\/07\/IMG-20240701-WA0005-600x800.jpg 600w, https:\/\/www.estran-brest.fr\/charles-de-foucauld\/wp-content\/uploads\/sites\/5\/2024\/07\/IMG-20240701-WA0005.jpg 1200w\" sizes=\"auto, (max-width: 768px) 100vw, 768px\" \/><\/figure>\n\n\n\n<figure class=\"wp-block-image size-large\"><img loading=\"lazy\" decoding=\"async\" width=\"768\" height=\"1024\" data-id=\"21293\" src=\"https:\/\/www.estran-brest.fr\/charles-de-foucauld\/wp-content\/uploads\/sites\/5\/2024\/07\/20240701_135442-768x1024.jpg\" alt=\"\" class=\"wp-image-21293\" srcset=\"https:\/\/www.estran-brest.fr\/charles-de-foucauld\/wp-content\/uploads\/sites\/5\/2024\/07\/20240701_135442-768x1024.jpg 768w, https:\/\/www.estran-brest.fr\/charles-de-foucauld\/wp-content\/uploads\/sites\/5\/2024\/07\/20240701_135442-225x300.jpg 225w, https:\/\/www.estran-brest.fr\/charles-de-foucauld\/wp-content\/uploads\/sites\/5\/2024\/07\/20240701_135442-1152x1536.jpg 1152w, https:\/\/www.estran-brest.fr\/charles-de-foucauld\/wp-content\/uploads\/sites\/5\/2024\/07\/20240701_135442-1536x2048.jpg 1536w, https:\/\/www.estran-brest.fr\/charles-de-foucauld\/wp-content\/uploads\/sites\/5\/2024\/07\/20240701_135442-600x800.jpg 600w, https:\/\/www.estran-brest.fr\/charles-de-foucauld\/wp-content\/uploads\/sites\/5\/2024\/07\/20240701_135442-scaled.jpg 1920w\" sizes=\"auto, (max-width: 768px) 100vw, 768px\" \/><\/figure>\n\n\n\n<figure class=\"wp-block-image size-large\"><img loading=\"lazy\" decoding=\"async\" width=\"768\" height=\"1024\" data-id=\"21294\" src=\"https:\/\/www.estran-brest.fr\/charles-de-foucauld\/wp-content\/uploads\/sites\/5\/2024\/07\/20240701_135446-768x1024.jpg\" alt=\"\" class=\"wp-image-21294\" srcset=\"https:\/\/www.estran-brest.fr\/charles-de-foucauld\/wp-content\/uploads\/sites\/5\/2024\/07\/20240701_135446-768x1024.jpg 768w, https:\/\/www.estran-brest.fr\/charles-de-foucauld\/wp-content\/uploads\/sites\/5\/2024\/07\/20240701_135446-225x300.jpg 225w, https:\/\/www.estran-brest.fr\/charles-de-foucauld\/wp-content\/uploads\/sites\/5\/2024\/07\/20240701_135446-1152x1536.jpg 1152w, https:\/\/www.estran-brest.fr\/charles-de-foucauld\/wp-content\/uploads\/sites\/5\/2024\/07\/20240701_135446-1536x2048.jpg 1536w, https:\/\/www.estran-brest.fr\/charles-de-foucauld\/wp-content\/uploads\/sites\/5\/2024\/07\/20240701_135446-600x800.jpg 600w, https:\/\/www.estran-brest.fr\/charles-de-foucauld\/wp-content\/uploads\/sites\/5\/2024\/07\/20240701_135446-scaled.jpg 1920w\" sizes=\"auto, (max-width: 768px) 100vw, 768px\" \/><\/figure>\n\n\n\n<figure class=\"wp-block-image size-large\"><img loading=\"lazy\" decoding=\"async\" width=\"1024\" height=\"768\" data-id=\"21295\" src=\"https:\/\/www.estran-brest.fr\/charles-de-foucauld\/wp-content\/uploads\/sites\/5\/2024\/07\/20240701_135451-1024x768.jpg\" alt=\"\" class=\"wp-image-21295\" srcset=\"https:\/\/www.estran-brest.fr\/charles-de-foucauld\/wp-content\/uploads\/sites\/5\/2024\/07\/20240701_135451-1024x768.jpg 1024w, https:\/\/www.estran-brest.fr\/charles-de-foucauld\/wp-content\/uploads\/sites\/5\/2024\/07\/20240701_135451-300x225.jpg 300w, https:\/\/www.estran-brest.fr\/charles-de-foucauld\/wp-content\/uploads\/sites\/5\/2024\/07\/20240701_135451-768x576.jpg 768w, https:\/\/www.estran-brest.fr\/charles-de-foucauld\/wp-content\/uploads\/sites\/5\/2024\/07\/20240701_135451-1536x1152.jpg 1536w, https:\/\/www.estran-brest.fr\/charles-de-foucauld\/wp-content\/uploads\/sites\/5\/2024\/07\/20240701_135451-2048x1536.jpg 2048w, https:\/\/www.estran-brest.fr\/charles-de-foucauld\/wp-content\/uploads\/sites\/5\/2024\/07\/20240701_135451-600x450.jpg 600w\" sizes=\"auto, (max-width: 1024px) 100vw, 1024px\" \/><\/figure>\n\n\n\n<figure class=\"wp-block-image size-large\"><img loading=\"lazy\" decoding=\"async\" width=\"1024\" height=\"768\" data-id=\"21296\" src=\"https:\/\/www.estran-brest.fr\/charles-de-foucauld\/wp-content\/uploads\/sites\/5\/2024\/07\/20240701_135454-1024x768.jpg\" alt=\"\" class=\"wp-image-21296\" srcset=\"https:\/\/www.estran-brest.fr\/charles-de-foucauld\/wp-content\/uploads\/sites\/5\/2024\/07\/20240701_135454-1024x768.jpg 1024w, https:\/\/www.estran-brest.fr\/charles-de-foucauld\/wp-content\/uploads\/sites\/5\/2024\/07\/20240701_135454-300x225.jpg 300w, https:\/\/www.estran-brest.fr\/charles-de-foucauld\/wp-content\/uploads\/sites\/5\/2024\/07\/20240701_135454-768x576.jpg 768w, https:\/\/www.estran-brest.fr\/charles-de-foucauld\/wp-content\/uploads\/sites\/5\/2024\/07\/20240701_135454-1536x1152.jpg 1536w, https:\/\/www.estran-brest.fr\/charles-de-foucauld\/wp-content\/uploads\/sites\/5\/2024\/07\/20240701_135454-2048x1536.jpg 2048w, https:\/\/www.estran-brest.fr\/charles-de-foucauld\/wp-content\/uploads\/sites\/5\/2024\/07\/20240701_135454-600x450.jpg 600w\" sizes=\"auto, (max-width: 1024px) 100vw, 1024px\" \/><\/figure>\n\n\n\n<figure class=\"wp-block-image size-large\"><img loading=\"lazy\" decoding=\"async\" width=\"768\" height=\"1024\" data-id=\"21297\" src=\"https:\/\/www.estran-brest.fr\/charles-de-foucauld\/wp-content\/uploads\/sites\/5\/2024\/07\/20240701_135510-768x1024.jpg\" alt=\"\" class=\"wp-image-21297\" srcset=\"https:\/\/www.estran-brest.fr\/charles-de-foucauld\/wp-content\/uploads\/sites\/5\/2024\/07\/20240701_135510-768x1024.jpg 768w, https:\/\/www.estran-brest.fr\/charles-de-foucauld\/wp-content\/uploads\/sites\/5\/2024\/07\/20240701_135510-225x300.jpg 225w, https:\/\/www.estran-brest.fr\/charles-de-foucauld\/wp-content\/uploads\/sites\/5\/2024\/07\/20240701_135510-1152x1536.jpg 1152w, https:\/\/www.estran-brest.fr\/charles-de-foucauld\/wp-content\/uploads\/sites\/5\/2024\/07\/20240701_135510-1536x2048.jpg 1536w, https:\/\/www.estran-brest.fr\/charles-de-foucauld\/wp-content\/uploads\/sites\/5\/2024\/07\/20240701_135510-600x800.jpg 600w, https:\/\/www.estran-brest.fr\/charles-de-foucauld\/wp-content\/uploads\/sites\/5\/2024\/07\/20240701_135510-scaled.jpg 1920w\" sizes=\"auto, (max-width: 768px) 100vw, 768px\" \/><\/figure>\n<\/figure>\n","protected":false},"excerpt":{"rendered":"<p>Les CM2 de Charles de Foucauld ont f\u00eat\u00e9 leur fin de primaire avec une boum ! <\/p>\n","protected":false},"author":6,"featured_media":21294,"comment_status":"closed","ping_status":"closed","sticky":false,"template":"","format":"standard","meta":{"_acf_changed":false,"inline_featured_image":false,"_monsterinsights_skip_tracking":false,"_monsterinsights_sitenote_active":false,"_monsterinsights_sitenote_note":"","_monsterinsights_sitenote_category":0,"_uf_show_specific_survey":0,"_uf_disable_surveys":false,"footnotes":""},"categories":[28,27,7],"class_list":["post-21286","post","type-post","status-publish","format-standard","has-post-thumbnail","hentry","category-actualites","category-charles-de-foucauld","category-ecole"],"acf":[],"_links":{"self":[{"href":"https:\/\/www.estran-brest.fr\/charles-de-foucauld\/wp-json\/wp\/v2\/posts\/21286","targetHints":{"allow":["GET"]}}],"collection":[{"href":"https:\/\/www.estran-brest.fr\/charles-de-foucauld\/wp-json\/wp\/v2\/posts"}],"about":[{"href":"https:\/\/www.estran-brest.fr\/charles-de-foucauld\/wp-json\/wp\/v2\/types\/post"}],"author":[{"embeddable":true,"href":"https:\/\/www.estran-brest.fr\/charles-de-foucauld\/wp-json\/wp\/v2\/users\/6"}],"replies":[{"embeddable":true,"href":"https:\/\/www.estran-brest.fr\/charles-de-foucauld\/wp-json\/wp\/v2\/comments?post=21286"}],"version-history":[{"count":2,"href":"https:\/\/www.estran-brest.fr\/charles-de-foucauld\/wp-json\/wp\/v2\/posts\/21286\/revisions"}],"predecessor-version":[{"id":21300,"href":"https:\/\/www.estran-brest.fr\/charles-de-foucauld\/wp-json\/wp\/v2\/posts\/21286\/revisions\/21300"}],"wp:featuredmedia":[{"embeddable":true,"href":"https:\/\/www.estran-brest.fr\/charles-de-foucauld\/wp-json\/wp\/v2\/media\/21294"}],"wp:attachment":[{"href":"https:\/\/www.estran-brest.fr\/charles-de-foucauld\/wp-json\/wp\/v2\/media?parent=21286"}],"wp:term":[{"taxonomy":"category","embeddable":true,"href":"https:\/\/www.estran-brest.fr\/charles-de-foucauld\/wp-json\/wp\/v2\/categories?post=21286"}],"curies":[{"name":"wp","href":"https:\/\/api.w.org\/{rel}","templated":true}]}}