{"id":21483,"date":"2024-10-09T12:39:12","date_gmt":"2024-10-09T10:39:12","guid":{"rendered":"https:\/\/www.estran-brest.fr\/charles-de-foucauld\/?p=21483"},"modified":"2024-10-09T12:39:14","modified_gmt":"2024-10-09T10:39:14","slug":"cross-2024","status":"publish","type":"post","link":"https:\/\/www.estran-brest.fr\/charles-de-foucauld\/2024\/10\/09\/cross-2024\/","title":{"rendered":"Un cross solidaire au Lyc\u00e9e Charles de Foucauld mobilise 700 \u00e9l\u00e8ves en soutien \u00e0 MJ Enfance et Handi\u2019chiens"},"content":{"rendered":"\n<p>Le vendredi 4 octobre 2024, les \u00e9l\u00e8ves de Terminale en option EPS du lyc\u00e9e <a href=\"https:\/\/www.estran-brest.fr\/charles-de-foucauld\/\">Charles de Foucauld<\/a>, \u00e0 Brest, ont organis\u00e9 un cross solidaire de 12h45 \u00e0 15h45. Cet \u00e9v\u00e9nement, con\u00e7u pour soutenir les associations <a href=\"https:\/\/www.asso-mj-enfance.org\/\" target=\"_blank\" rel=\"noopener\">MJ Enfance<\/a> et <a href=\"https:\/\/handichiens.org\/?gad_source=1&amp;gclid=Cj0KCQjw05i4BhDiARIsAB_2wfCuR9I6i1vtzJdxA_4YCvWGGaVkPe7QpbcbLb6NrFnaBSXbbpA37TAaAiKKEALw_wcB\" target=\"_blank\" rel=\"noopener\">Handi\u2019Chiens<\/a>, a \u00e9galement r\u00e9uni les repr\u00e9sentants de ces deux organismes. L\u2019initiative avait pour but de r\u00e9colter des fonds tout en sensibilisant les jeunes \u00e0 des causes solidaires.<\/p>\n\n\n\n<p>Pour participer, chaque \u00e9l\u00e8ve a contribu\u00e9 avec un don de 2\u20ac, puis s\u2019est lanc\u00e9 sur un circuit de 950 m\u00e8tres \u00e0 boucler une ou deux fois. Les participants ont pu choisir entre un ou deux tours, selon leur motivation. Douze classes, allant du CM1 \u00e0 la troisi\u00e8me, soit plus de 700 \u00e9l\u00e8ves, ont r\u00e9pondu pr\u00e9sent \u00e0 l\u2019appel de cette course solidaire.<\/p>\n\n\n\n<p>Les \u00e9l\u00e8ves de l\u2019option EPS, accompagn\u00e9s par les enseignants d\u2019EPS, des professeurs et la protection civile du Finist\u00e8re, ont assur\u00e9 le bon d\u00e9roulement de l\u2019\u00e9v\u00e9nement. Leur engagement a permis de coordonner efficacement cette initiative, dont les fonds r\u00e9colt\u00e9s seront r\u00e9partis entre MJ Enfance et Handi\u2019Chiens.<\/p>\n\n\n\n<figure class=\"wp-block-gallery has-nested-images columns-default is-cropped wp-block-gallery-1 is-layout-flex wp-block-gallery-is-layout-flex\">\n<figure class=\"wp-block-image size-large\"><img decoding=\"async\" data-id=\"19976\" src=\"https:\/\/www.estran-brest.fr\/wp-content\/uploads\/2024\/10\/cross-14-1-683x1024.jpg\" alt=\"\" class=\"wp-image-19976\"\/><\/figure>\n\n\n\n<figure class=\"wp-block-image size-large\"><img decoding=\"async\" data-id=\"19975\" src=\"https:\/\/www.estran-brest.fr\/wp-content\/uploads\/2024\/10\/cross-13-1024x683.jpg\" alt=\"\" class=\"wp-image-19975\"\/><\/figure>\n\n\n\n<figure class=\"wp-block-image size-large\"><img decoding=\"async\" data-id=\"19974\" src=\"https:\/\/www.estran-brest.fr\/wp-content\/uploads\/2024\/10\/cross-37-1024x683.jpg\" alt=\"\" class=\"wp-image-19974\"\/><\/figure>\n\n\n\n<figure class=\"wp-block-image size-large\"><img decoding=\"async\" data-id=\"19973\" src=\"https:\/\/www.estran-brest.fr\/wp-content\/uploads\/2024\/10\/cross-38-1024x683.jpg\" alt=\"\" class=\"wp-image-19973\"\/><\/figure>\n\n\n\n<figure class=\"wp-block-image size-large\"><img decoding=\"async\" data-id=\"19972\" src=\"https:\/\/www.estran-brest.fr\/wp-content\/uploads\/2024\/10\/cross-28-1024x683.jpg\" alt=\"\" class=\"wp-image-19972\"\/><\/figure>\n\n\n\n<figure class=\"wp-block-image size-large\"><img decoding=\"async\" data-id=\"19971\" src=\"https:\/\/www.estran-brest.fr\/wp-content\/uploads\/2024\/10\/cross-14-683x1024.jpg\" alt=\"\" class=\"wp-image-19971\"\/><\/figure>\n\n\n\n<figure class=\"wp-block-image size-large\"><img decoding=\"async\" data-id=\"19970\" src=\"https:\/\/www.estran-brest.fr\/wp-content\/uploads\/2024\/10\/cross-34-1024x683.jpg\" alt=\"\" class=\"wp-image-19970\"\/><\/figure>\n<\/figure>\n\n\n\n<div class=\"wp-block-buttons is-layout-flex wp-block-buttons-is-layout-flex\">\n<div class=\"wp-block-button\"><a class=\"wp-block-button__link wp-element-button\" href=\"https:\/\/www.letelegramme.fr\/finistere\/brest-29200\/saint-marc\/a-brest-plus-de-700-eleves-ont-couru-en-faveur-de-deux-associations-6678252.php\" target=\"_blank\" rel=\"noopener\">Voir l&rsquo;article du T\u00e9l\u00e9gramme<\/a><\/div>\n<\/div>\n","protected":false},"excerpt":{"rendered":"<p>Le vendredi 4 octobre 2024, les \u00e9l\u00e8ves de Terminale en option EPS du lyc\u00e9e Charles de Foucauld, \u00e0 Brest, ont organis\u00e9 un cross solidaire de 12h45 \u00e0 15h45. Cet \u00e9v\u00e9nement, con\u00e7u pour soutenir les associations MJ Enfance et Handi\u2019Chiens, a \u00e9galement r\u00e9uni les repr\u00e9sentants de ces deux organismes. L\u2019initiative avait pour but de r\u00e9colter des fonds tout en sensibilisant les jeunes \u00e0 des causes solidaires.<\/p>\n","protected":false},"author":6,"featured_media":21484,"comment_status":"closed","ping_status":"closed","sticky":false,"template":"","format":"standard","meta":{"_acf_changed":false,"inline_featured_image":false,"_monsterinsights_skip_tracking":false,"_monsterinsights_sitenote_active":false,"_monsterinsights_sitenote_note":"","_monsterinsights_sitenote_category":0,"_uf_show_specific_survey":0,"_uf_disable_surveys":false,"footnotes":""},"categories":[27,8,7,9],"class_list":["post-21483","post","type-post","status-publish","format-standard","has-post-thumbnail","hentry","category-charles-de-foucauld","category-college","category-ecole","category-lycee"],"acf":[],"_links":{"self":[{"href":"https:\/\/www.estran-brest.fr\/charles-de-foucauld\/wp-json\/wp\/v2\/posts\/21483","targetHints":{"allow":["GET"]}}],"collection":[{"href":"https:\/\/www.estran-brest.fr\/charles-de-foucauld\/wp-json\/wp\/v2\/posts"}],"about":[{"href":"https:\/\/www.estran-brest.fr\/charles-de-foucauld\/wp-json\/wp\/v2\/types\/post"}],"author":[{"embeddable":true,"href":"https:\/\/www.estran-brest.fr\/charles-de-foucauld\/wp-json\/wp\/v2\/users\/6"}],"replies":[{"embeddable":true,"href":"https:\/\/www.estran-brest.fr\/charles-de-foucauld\/wp-json\/wp\/v2\/comments?post=21483"}],"version-history":[{"count":2,"href":"https:\/\/www.estran-brest.fr\/charles-de-foucauld\/wp-json\/wp\/v2\/posts\/21483\/revisions"}],"predecessor-version":[{"id":21486,"href":"https:\/\/www.estran-brest.fr\/charles-de-foucauld\/wp-json\/wp\/v2\/posts\/21483\/revisions\/21486"}],"wp:featuredmedia":[{"embeddable":true,"href":"https:\/\/www.estran-brest.fr\/charles-de-foucauld\/wp-json\/wp\/v2\/media\/21484"}],"wp:attachment":[{"href":"https:\/\/www.estran-brest.fr\/charles-de-foucauld\/wp-json\/wp\/v2\/media?parent=21483"}],"wp:term":[{"taxonomy":"category","embeddable":true,"href":"https:\/\/www.estran-brest.fr\/charles-de-foucauld\/wp-json\/wp\/v2\/categories?post=21483"}],"curies":[{"name":"wp","href":"https:\/\/api.w.org\/{rel}","templated":true}]}}