{"id":22562,"date":"2025-12-08T08:29:34","date_gmt":"2025-12-08T07:29:34","guid":{"rendered":"https:\/\/www.estran-brest.fr\/charles-de-foucauld\/?p=22562"},"modified":"2025-12-08T08:29:36","modified_gmt":"2025-12-08T07:29:36","slug":"stmg-conference-rse","status":"publish","type":"post","link":"https:\/\/www.estran-brest.fr\/charles-de-foucauld\/2025\/12\/08\/stmg-conference-rse\/","title":{"rendered":"Conf\u00e9rence RSE : les STMG \u00e0 la rencontre d\u2019entreprises engag\u00e9es"},"content":{"rendered":"\n<p>La semaine derni\u00e8re, les \u00e9l\u00e8ves de Premi\u00e8re et Terminale <a href=\"https:\/\/www.estran-brest.fr\/charles-de-foucauld\/formation\/bac-stmg\/\">STMG<\/a> de Charles de Foucauld ont particip\u00e9 \u00e0 une conf\u00e9rence d\u00e9di\u00e9e \u00e0 la <strong>Responsabilit\u00e9 Soci\u00e9tale des Entreprises (RSE)<\/strong>, un enjeu majeur pour comprendre le fonctionnement des organisations modernes et leurs d\u00e9fis futurs.<\/p>\n\n\n\n<p>Cette intervention avait pour objectif d\u2019aider les \u00e9l\u00e8ves \u00e0 :<\/p>\n\n\n\n<ul class=\"wp-block-list\">\n<li>Comprendre ce qu\u2019est r\u00e9ellement la RSE<\/li>\n\n\n\n<li>Identifier ses <strong>trois piliers<\/strong> : \u00e9conomique, social et environnemental<\/li>\n\n\n\n<li>Observer comment les entreprises mettent en place des actions concr\u00e8tes<\/li>\n\n\n\n<li>Prendre conscience des enjeux actuels et des attentes soci\u00e9tales li\u00e9es \u00e0 ces pratiques<\/li>\n<\/ul>\n\n\n\n<h3 class=\"wp-block-heading\">Des intervenants impliqu\u00e9s et compl\u00e9mentaires<\/h3>\n\n\n\n<p>Pour enrichir cette rencontre, quatre entreprises aux profils vari\u00e9s avaient r\u00e9pondu pr\u00e9sentes :<\/p>\n\n\n\n<ul class=\"wp-block-list\">\n<li><strong>Sav\u00e9ol<\/strong> \u2013 repr\u00e9sent\u00e9e par Sylvain Le Coz, engag\u00e9e dans des pratiques agricoles responsables<\/li>\n\n\n\n<li><strong>L\u2019Arena<\/strong> \u2013 avec Anaig Arnal-Roussel, qui a pr\u00e9sent\u00e9 les actions mises en \u0153uvre dans une grande structure \u00e9v\u00e9nementielle<\/li>\n\n\n\n<li><strong>UNIK Informatique<\/strong> \u2013 repr\u00e9sent\u00e9e par Vincent Ressiguier, illustrant la RSE dans le secteur du num\u00e9rique<\/li>\n\n\n\n<li><strong><a href=\"https:\/\/www.les-imparfaits.com\/\" target=\"_blank\" rel=\"noopener\">Les Imparfaits<\/a><\/strong> \u2013 avec Ga\u00ebtan Congar, qui a t\u00e9moign\u00e9 d\u2019une d\u00e9marche fond\u00e9e sur la r\u00e9paration, la revalorisation et l\u2019\u00e9conomie circulaire<\/li>\n<\/ul>\n\n\n\n<p>Chaque intervenant a illustr\u00e9, \u00e0 travers des exemples concrets, la mani\u00e8re dont son entreprise int\u00e8gre la RSE au quotidien : r\u00e9duction des d\u00e9chets, gestion responsable des ressources, inclusion sociale, bien-\u00eatre au travail, innovation durable\u2026<\/p>\n\n\n\n<h3 class=\"wp-block-heading\">Un moment formateur pour les \u00e9l\u00e8ves<\/h3>\n\n\n\n<p>Cette conf\u00e9rence a permis aux \u00e9l\u00e8ves de relier leurs enseignements \u00e0 des situations professionnelles r\u00e9elles. Ils ont pu poser leurs questions, confronter leurs id\u00e9es et mieux comprendre l\u2019importance croissante d\u2019une d\u00e9marche responsable dans le monde du travail.<\/p>\n\n\n\n<p>Cette rencontre s\u2019inscrit pleinement dans la formation des STMG en leur donnant des rep\u00e8res essentiels pour leur orientation et leur compr\u00e9hension des enjeux \u00e9conomiques contemporains.<\/p>\n\n\n\n<p>Un grand merci aux intervenants pour la qualit\u00e9 de leurs \u00e9changes et leur disponibilit\u00e9 !<\/p>\n\n\n\n<figure class=\"wp-block-gallery has-nested-images columns-default is-cropped wp-block-gallery-1 is-layout-flex wp-block-gallery-is-layout-flex\">\n<figure class=\"wp-block-image size-large\"><img loading=\"lazy\" decoding=\"async\" width=\"1024\" height=\"462\" data-id=\"22565\" src=\"https:\/\/www.estran-brest.fr\/charles-de-foucauld\/wp-content\/uploads\/sites\/5\/2025\/12\/1000053017-1024x462.jpg\" alt=\"\" class=\"wp-image-22565\" srcset=\"https:\/\/www.estran-brest.fr\/charles-de-foucauld\/wp-content\/uploads\/sites\/5\/2025\/12\/1000053017-1024x462.jpg 1024w, https:\/\/www.estran-brest.fr\/charles-de-foucauld\/wp-content\/uploads\/sites\/5\/2025\/12\/1000053017-300x135.jpg 300w, https:\/\/www.estran-brest.fr\/charles-de-foucauld\/wp-content\/uploads\/sites\/5\/2025\/12\/1000053017-768x347.jpg 768w, https:\/\/www.estran-brest.fr\/charles-de-foucauld\/wp-content\/uploads\/sites\/5\/2025\/12\/1000053017-1536x693.jpg 1536w, https:\/\/www.estran-brest.fr\/charles-de-foucauld\/wp-content\/uploads\/sites\/5\/2025\/12\/1000053017-2048x924.jpg 2048w, https:\/\/www.estran-brest.fr\/charles-de-foucauld\/wp-content\/uploads\/sites\/5\/2025\/12\/1000053017-600x271.jpg 600w\" sizes=\"auto, (max-width: 1024px) 100vw, 1024px\" \/><\/figure>\n\n\n\n<figure class=\"wp-block-image size-large\"><img loading=\"lazy\" decoding=\"async\" width=\"1024\" height=\"462\" data-id=\"22564\" src=\"https:\/\/www.estran-brest.fr\/charles-de-foucauld\/wp-content\/uploads\/sites\/5\/2025\/12\/1000053023-1024x462.jpg\" alt=\"\" class=\"wp-image-22564\" srcset=\"https:\/\/www.estran-brest.fr\/charles-de-foucauld\/wp-content\/uploads\/sites\/5\/2025\/12\/1000053023-1024x462.jpg 1024w, https:\/\/www.estran-brest.fr\/charles-de-foucauld\/wp-content\/uploads\/sites\/5\/2025\/12\/1000053023-300x135.jpg 300w, https:\/\/www.estran-brest.fr\/charles-de-foucauld\/wp-content\/uploads\/sites\/5\/2025\/12\/1000053023-768x347.jpg 768w, https:\/\/www.estran-brest.fr\/charles-de-foucauld\/wp-content\/uploads\/sites\/5\/2025\/12\/1000053023-1536x693.jpg 1536w, https:\/\/www.estran-brest.fr\/charles-de-foucauld\/wp-content\/uploads\/sites\/5\/2025\/12\/1000053023-2048x924.jpg 2048w, https:\/\/www.estran-brest.fr\/charles-de-foucauld\/wp-content\/uploads\/sites\/5\/2025\/12\/1000053023-600x271.jpg 600w\" sizes=\"auto, (max-width: 1024px) 100vw, 1024px\" \/><\/figure>\n<\/figure>\n\n\n\n<figure class=\"wp-block-image size-large\"><img loading=\"lazy\" decoding=\"async\" width=\"462\" height=\"1024\" src=\"https:\/\/www.estran-brest.fr\/charles-de-foucauld\/wp-content\/uploads\/sites\/5\/2025\/12\/1000053018-462x1024.jpg\" alt=\"\" class=\"wp-image-22563\" srcset=\"https:\/\/www.estran-brest.fr\/charles-de-foucauld\/wp-content\/uploads\/sites\/5\/2025\/12\/1000053018-462x1024.jpg 462w, https:\/\/www.estran-brest.fr\/charles-de-foucauld\/wp-content\/uploads\/sites\/5\/2025\/12\/1000053018-135x300.jpg 135w, https:\/\/www.estran-brest.fr\/charles-de-foucauld\/wp-content\/uploads\/sites\/5\/2025\/12\/1000053018-768x1701.jpg 768w, https:\/\/www.estran-brest.fr\/charles-de-foucauld\/wp-content\/uploads\/sites\/5\/2025\/12\/1000053018-693x1536.jpg 693w, https:\/\/www.estran-brest.fr\/charles-de-foucauld\/wp-content\/uploads\/sites\/5\/2025\/12\/1000053018-924x2048.jpg 924w, https:\/\/www.estran-brest.fr\/charles-de-foucauld\/wp-content\/uploads\/sites\/5\/2025\/12\/1000053018-406x900.jpg 406w, https:\/\/www.estran-brest.fr\/charles-de-foucauld\/wp-content\/uploads\/sites\/5\/2025\/12\/1000053018-scaled.jpg 1156w\" sizes=\"auto, (max-width: 462px) 100vw, 462px\" \/><figcaption class=\"wp-element-caption\">filter: 0; jpegRotation: 90; fileterIntensity: 0.000000; filterMask: 0; module:1facing:0; \nhw-remosaic: 0; \ntouch: (0.50887406, 0.50887406); \nmodeInfo: ; \nsceneMode: Night; \ncct_value: 0; \nAI_Scene: (13, -1); \naec_lux: 0.0; \nhist255: 0.0; \nhist252~255: 0.0; \nhist0~15: 0.0;<\/figcaption><\/figure>\n","protected":false},"excerpt":{"rendered":"<p>La semaine derni\u00e8re, les \u00e9l\u00e8ves de Premi\u00e8re et Terminale STMG de Charles de Foucauld ont particip\u00e9 \u00e0 une conf\u00e9rence d\u00e9di\u00e9e \u00e0 la Responsabilit\u00e9 Soci\u00e9tale des Entreprises (RSE), un enjeu majeur pour comprendre le fonctionnement des organisations modernes et leurs d\u00e9fis futurs.<\/p>\n","protected":false},"author":6,"featured_media":22564,"comment_status":"closed","ping_status":"closed","sticky":false,"template":"","format":"standard","meta":{"_acf_changed":false,"inline_featured_image":false,"_monsterinsights_skip_tracking":false,"_monsterinsights_sitenote_active":false,"_monsterinsights_sitenote_note":"","_monsterinsights_sitenote_category":0,"_uf_show_specific_survey":0,"_uf_disable_surveys":false,"footnotes":""},"categories":[28,27,9],"class_list":["post-22562","post","type-post","status-publish","format-standard","has-post-thumbnail","hentry","category-actualites","category-charles-de-foucauld","category-lycee"],"acf":[],"_links":{"self":[{"href":"https:\/\/www.estran-brest.fr\/charles-de-foucauld\/wp-json\/wp\/v2\/posts\/22562","targetHints":{"allow":["GET"]}}],"collection":[{"href":"https:\/\/www.estran-brest.fr\/charles-de-foucauld\/wp-json\/wp\/v2\/posts"}],"about":[{"href":"https:\/\/www.estran-brest.fr\/charles-de-foucauld\/wp-json\/wp\/v2\/types\/post"}],"author":[{"embeddable":true,"href":"https:\/\/www.estran-brest.fr\/charles-de-foucauld\/wp-json\/wp\/v2\/users\/6"}],"replies":[{"embeddable":true,"href":"https:\/\/www.estran-brest.fr\/charles-de-foucauld\/wp-json\/wp\/v2\/comments?post=22562"}],"version-history":[{"count":1,"href":"https:\/\/www.estran-brest.fr\/charles-de-foucauld\/wp-json\/wp\/v2\/posts\/22562\/revisions"}],"predecessor-version":[{"id":22566,"href":"https:\/\/www.estran-brest.fr\/charles-de-foucauld\/wp-json\/wp\/v2\/posts\/22562\/revisions\/22566"}],"wp:featuredmedia":[{"embeddable":true,"href":"https:\/\/www.estran-brest.fr\/charles-de-foucauld\/wp-json\/wp\/v2\/media\/22564"}],"wp:attachment":[{"href":"https:\/\/www.estran-brest.fr\/charles-de-foucauld\/wp-json\/wp\/v2\/media?parent=22562"}],"wp:term":[{"taxonomy":"category","embeddable":true,"href":"https:\/\/www.estran-brest.fr\/charles-de-foucauld\/wp-json\/wp\/v2\/categories?post=22562"}],"curies":[{"name":"wp","href":"https:\/\/api.w.org\/{rel}","templated":true}]}}