{"id":20196,"date":"2024-04-08T10:03:23","date_gmt":"2024-04-08T08:03:23","guid":{"rendered":"https:\/\/www.estran-brest.fr\/ecole-saint-joseph-du-pilier-rouge\/?p=20196"},"modified":"2024-04-08T10:03:54","modified_gmt":"2024-04-08T08:03:54","slug":"les-eleves-enchantes-par-le-spectacle-patapoum-et-celestine-de-la-compagnie-des-3-chardons","status":"publish","type":"post","link":"https:\/\/www.estran-brest.fr\/ecole-saint-joseph-du-pilier-rouge\/2024\/04\/08\/les-eleves-enchantes-par-le-spectacle-patapoum-et-celestine-de-la-compagnie-des-3-chardons\/","title":{"rendered":"Les \u00e9l\u00e8ves enchant\u00e9s par le spectacle \u00ab\u00a0Patapoum et C\u00e9lestine\u00a0\u00bb de la compagnie des 3 chardons"},"content":{"rendered":"\n<p>Vendredi dernier, les classes de PS\/MS, GS\/CP et CE1\/CE2 de <a href=\"https:\/\/www.estran-brest.fr\/ecole-saint-joseph-du-pilier-rouge\/\">Saint-Joseph du Pilier Rouge<\/a> ont assist\u00e9 au spectacle \u00ab Patapoum et C\u00e9lestine \u00bb, avec la compagnie des 3 chardons ! <img loading=\"lazy\" decoding=\"async\" height=\"16\" width=\"16\" src=\"https:\/\/static.xx.fbcdn.net\/images\/emoji.php\/v9\/t7f\/1\/16\/1f60a.png\" alt=\"\ud83d\ude0a\" title=\"\"><\/p>\n\n\n\n<p>R\u00e9sum\u00e9 du spectacle : avec son amie C\u00e9lestine l&rsquo;\u00e9quilibriste, Patapoum r\u00eave de r\u00e9aliser le plus \u00e9tonnant de tous les num\u00e9ros. Mais monsieur Poum, le directeur du cirque s&rsquo;y oppose. Il veut que Patapoum joue \u00e0 tomber sans arr\u00eat de son petit v\u00e9lo, pour faire rire tout le public.<\/p>\n\n\n\n<p>Le <a><\/a>spectacle a \u00e9t\u00e9 bien appr\u00e9ci\u00e9 par les plus petits et les grands ! <img loading=\"lazy\" decoding=\"async\" height=\"16\" width=\"16\" alt=\"\ud83d\udc4d\" src=\"https:\/\/static.xx.fbcdn.net\/images\/emoji.php\/v9\/tfc\/1\/16\/1f44d.png\" title=\"\"><\/p>\n\n\n\n<figure class=\"wp-block-gallery has-nested-images columns-default is-cropped wp-block-gallery-1 is-layout-flex wp-block-gallery-is-layout-flex\">\n<figure class=\"wp-block-image size-large\"><img loading=\"lazy\" decoding=\"async\" width=\"1024\" height=\"768\" data-id=\"20197\" src=\"https:\/\/www.estran-brest.fr\/ecole-saint-joseph-du-pilier-rouge\/wp-content\/uploads\/sites\/4\/2024\/04\/434839266_816845183799758_2296723924747211082_n-1024x768.jpg\" alt=\"\" class=\"wp-image-20197\" title=\"\" srcset=\"https:\/\/www.estran-brest.fr\/ecole-saint-joseph-du-pilier-rouge\/wp-content\/uploads\/sites\/4\/2024\/04\/434839266_816845183799758_2296723924747211082_n-1024x768.jpg 1024w, https:\/\/www.estran-brest.fr\/ecole-saint-joseph-du-pilier-rouge\/wp-content\/uploads\/sites\/4\/2024\/04\/434839266_816845183799758_2296723924747211082_n-300x225.jpg 300w, https:\/\/www.estran-brest.fr\/ecole-saint-joseph-du-pilier-rouge\/wp-content\/uploads\/sites\/4\/2024\/04\/434839266_816845183799758_2296723924747211082_n-768x576.jpg 768w, https:\/\/www.estran-brest.fr\/ecole-saint-joseph-du-pilier-rouge\/wp-content\/uploads\/sites\/4\/2024\/04\/434839266_816845183799758_2296723924747211082_n-1536x1152.jpg 1536w, https:\/\/www.estran-brest.fr\/ecole-saint-joseph-du-pilier-rouge\/wp-content\/uploads\/sites\/4\/2024\/04\/434839266_816845183799758_2296723924747211082_n-600x450.jpg 600w, https:\/\/www.estran-brest.fr\/ecole-saint-joseph-du-pilier-rouge\/wp-content\/uploads\/sites\/4\/2024\/04\/434839266_816845183799758_2296723924747211082_n.jpg 2048w\" sizes=\"auto, (max-width: 1024px) 100vw, 1024px\" \/><\/figure>\n\n\n\n<figure class=\"wp-block-image size-large\"><img loading=\"lazy\" decoding=\"async\" width=\"1024\" height=\"768\" data-id=\"20198\" src=\"https:\/\/www.estran-brest.fr\/ecole-saint-joseph-du-pilier-rouge\/wp-content\/uploads\/sites\/4\/2024\/04\/432930519_816845197133090_1332459523310134873_n-1024x768.jpg\" alt=\"\" class=\"wp-image-20198\" title=\"\" srcset=\"https:\/\/www.estran-brest.fr\/ecole-saint-joseph-du-pilier-rouge\/wp-content\/uploads\/sites\/4\/2024\/04\/432930519_816845197133090_1332459523310134873_n-1024x768.jpg 1024w, https:\/\/www.estran-brest.fr\/ecole-saint-joseph-du-pilier-rouge\/wp-content\/uploads\/sites\/4\/2024\/04\/432930519_816845197133090_1332459523310134873_n-300x225.jpg 300w, https:\/\/www.estran-brest.fr\/ecole-saint-joseph-du-pilier-rouge\/wp-content\/uploads\/sites\/4\/2024\/04\/432930519_816845197133090_1332459523310134873_n-768x576.jpg 768w, https:\/\/www.estran-brest.fr\/ecole-saint-joseph-du-pilier-rouge\/wp-content\/uploads\/sites\/4\/2024\/04\/432930519_816845197133090_1332459523310134873_n-1536x1152.jpg 1536w, https:\/\/www.estran-brest.fr\/ecole-saint-joseph-du-pilier-rouge\/wp-content\/uploads\/sites\/4\/2024\/04\/432930519_816845197133090_1332459523310134873_n-600x450.jpg 600w, https:\/\/www.estran-brest.fr\/ecole-saint-joseph-du-pilier-rouge\/wp-content\/uploads\/sites\/4\/2024\/04\/432930519_816845197133090_1332459523310134873_n.jpg 2048w\" sizes=\"auto, (max-width: 1024px) 100vw, 1024px\" \/><\/figure>\n\n\n\n<figure class=\"wp-block-image size-large\"><img loading=\"lazy\" decoding=\"async\" width=\"1024\" height=\"768\" data-id=\"20199\" src=\"https:\/\/www.estran-brest.fr\/ecole-saint-joseph-du-pilier-rouge\/wp-content\/uploads\/sites\/4\/2024\/04\/432876703_816845043799772_119582002166184075_n-1024x768.jpg\" alt=\"\" class=\"wp-image-20199\" title=\"\" srcset=\"https:\/\/www.estran-brest.fr\/ecole-saint-joseph-du-pilier-rouge\/wp-content\/uploads\/sites\/4\/2024\/04\/432876703_816845043799772_119582002166184075_n-1024x768.jpg 1024w, https:\/\/www.estran-brest.fr\/ecole-saint-joseph-du-pilier-rouge\/wp-content\/uploads\/sites\/4\/2024\/04\/432876703_816845043799772_119582002166184075_n-300x225.jpg 300w, https:\/\/www.estran-brest.fr\/ecole-saint-joseph-du-pilier-rouge\/wp-content\/uploads\/sites\/4\/2024\/04\/432876703_816845043799772_119582002166184075_n-768x576.jpg 768w, https:\/\/www.estran-brest.fr\/ecole-saint-joseph-du-pilier-rouge\/wp-content\/uploads\/sites\/4\/2024\/04\/432876703_816845043799772_119582002166184075_n-1536x1152.jpg 1536w, https:\/\/www.estran-brest.fr\/ecole-saint-joseph-du-pilier-rouge\/wp-content\/uploads\/sites\/4\/2024\/04\/432876703_816845043799772_119582002166184075_n-600x450.jpg 600w, https:\/\/www.estran-brest.fr\/ecole-saint-joseph-du-pilier-rouge\/wp-content\/uploads\/sites\/4\/2024\/04\/432876703_816845043799772_119582002166184075_n.jpg 2048w\" sizes=\"auto, (max-width: 1024px) 100vw, 1024px\" \/><\/figure>\n\n\n\n<figure class=\"wp-block-image size-large\"><img loading=\"lazy\" decoding=\"async\" width=\"1024\" height=\"768\" data-id=\"20200\" src=\"https:\/\/www.estran-brest.fr\/ecole-saint-joseph-du-pilier-rouge\/wp-content\/uploads\/sites\/4\/2024\/04\/434865438_816845047133105_2873294158645237086_n-1024x768.jpg\" alt=\"\" class=\"wp-image-20200\" title=\"\" srcset=\"https:\/\/www.estran-brest.fr\/ecole-saint-joseph-du-pilier-rouge\/wp-content\/uploads\/sites\/4\/2024\/04\/434865438_816845047133105_2873294158645237086_n-1024x768.jpg 1024w, https:\/\/www.estran-brest.fr\/ecole-saint-joseph-du-pilier-rouge\/wp-content\/uploads\/sites\/4\/2024\/04\/434865438_816845047133105_2873294158645237086_n-300x225.jpg 300w, https:\/\/www.estran-brest.fr\/ecole-saint-joseph-du-pilier-rouge\/wp-content\/uploads\/sites\/4\/2024\/04\/434865438_816845047133105_2873294158645237086_n-768x576.jpg 768w, https:\/\/www.estran-brest.fr\/ecole-saint-joseph-du-pilier-rouge\/wp-content\/uploads\/sites\/4\/2024\/04\/434865438_816845047133105_2873294158645237086_n-1536x1152.jpg 1536w, https:\/\/www.estran-brest.fr\/ecole-saint-joseph-du-pilier-rouge\/wp-content\/uploads\/sites\/4\/2024\/04\/434865438_816845047133105_2873294158645237086_n-600x450.jpg 600w, https:\/\/www.estran-brest.fr\/ecole-saint-joseph-du-pilier-rouge\/wp-content\/uploads\/sites\/4\/2024\/04\/434865438_816845047133105_2873294158645237086_n.jpg 2048w\" sizes=\"auto, (max-width: 1024px) 100vw, 1024px\" \/><\/figure>\n\n\n\n<figure class=\"wp-block-image size-large\"><img loading=\"lazy\" decoding=\"async\" width=\"1024\" height=\"768\" data-id=\"20201\" src=\"https:\/\/www.estran-brest.fr\/ecole-saint-joseph-du-pilier-rouge\/wp-content\/uploads\/sites\/4\/2024\/04\/433464974_816845070466436_2048130319969559919_n-1024x768.jpg\" alt=\"\" class=\"wp-image-20201\" title=\"\" srcset=\"https:\/\/www.estran-brest.fr\/ecole-saint-joseph-du-pilier-rouge\/wp-content\/uploads\/sites\/4\/2024\/04\/433464974_816845070466436_2048130319969559919_n-1024x768.jpg 1024w, https:\/\/www.estran-brest.fr\/ecole-saint-joseph-du-pilier-rouge\/wp-content\/uploads\/sites\/4\/2024\/04\/433464974_816845070466436_2048130319969559919_n-300x225.jpg 300w, https:\/\/www.estran-brest.fr\/ecole-saint-joseph-du-pilier-rouge\/wp-content\/uploads\/sites\/4\/2024\/04\/433464974_816845070466436_2048130319969559919_n-768x576.jpg 768w, https:\/\/www.estran-brest.fr\/ecole-saint-joseph-du-pilier-rouge\/wp-content\/uploads\/sites\/4\/2024\/04\/433464974_816845070466436_2048130319969559919_n-1536x1152.jpg 1536w, https:\/\/www.estran-brest.fr\/ecole-saint-joseph-du-pilier-rouge\/wp-content\/uploads\/sites\/4\/2024\/04\/433464974_816845070466436_2048130319969559919_n-600x450.jpg 600w, https:\/\/www.estran-brest.fr\/ecole-saint-joseph-du-pilier-rouge\/wp-content\/uploads\/sites\/4\/2024\/04\/433464974_816845070466436_2048130319969559919_n.jpg 2048w\" sizes=\"auto, (max-width: 1024px) 100vw, 1024px\" \/><\/figure>\n<\/figure>\n","protected":false},"excerpt":{"rendered":"<p>Vendredi dernier, les classes de PS\/MS, GS\/CP et CE1\/CE2 de Saint-Joseph du Pilier Rouge ont assist\u00e9 au spectacle \u00ab Patapoum et C\u00e9lestine \u00bb, avec la compagnie des 3 chardons !<\/p>\n","protected":false},"author":6,"featured_media":20199,"comment_status":"closed","ping_status":"closed","sticky":false,"template":"","format":"standard","meta":{"_acf_changed":false,"inline_featured_image":false,"_monsterinsights_skip_tracking":false,"_monsterinsights_sitenote_active":false,"_monsterinsights_sitenote_note":"","_monsterinsights_sitenote_category":0,"_uf_show_specific_survey":0,"_uf_disable_surveys":false,"footnotes":""},"categories":[6,5],"class_list":["post-20196","post","type-post","status-publish","format-standard","has-post-thumbnail","hentry","category-actualites","category-saint-joseph-du-pilier-rouge"],"acf":[],"_links":{"self":[{"href":"https:\/\/www.estran-brest.fr\/ecole-saint-joseph-du-pilier-rouge\/wp-json\/wp\/v2\/posts\/20196","targetHints":{"allow":["GET"]}}],"collection":[{"href":"https:\/\/www.estran-brest.fr\/ecole-saint-joseph-du-pilier-rouge\/wp-json\/wp\/v2\/posts"}],"about":[{"href":"https:\/\/www.estran-brest.fr\/ecole-saint-joseph-du-pilier-rouge\/wp-json\/wp\/v2\/types\/post"}],"author":[{"embeddable":true,"href":"https:\/\/www.estran-brest.fr\/ecole-saint-joseph-du-pilier-rouge\/wp-json\/wp\/v2\/users\/6"}],"replies":[{"embeddable":true,"href":"https:\/\/www.estran-brest.fr\/ecole-saint-joseph-du-pilier-rouge\/wp-json\/wp\/v2\/comments?post=20196"}],"version-history":[{"count":2,"href":"https:\/\/www.estran-brest.fr\/ecole-saint-joseph-du-pilier-rouge\/wp-json\/wp\/v2\/posts\/20196\/revisions"}],"predecessor-version":[{"id":20204,"href":"https:\/\/www.estran-brest.fr\/ecole-saint-joseph-du-pilier-rouge\/wp-json\/wp\/v2\/posts\/20196\/revisions\/20204"}],"wp:featuredmedia":[{"embeddable":true,"href":"https:\/\/www.estran-brest.fr\/ecole-saint-joseph-du-pilier-rouge\/wp-json\/wp\/v2\/media\/20199"}],"wp:attachment":[{"href":"https:\/\/www.estran-brest.fr\/ecole-saint-joseph-du-pilier-rouge\/wp-json\/wp\/v2\/media?parent=20196"}],"wp:term":[{"taxonomy":"category","embeddable":true,"href":"https:\/\/www.estran-brest.fr\/ecole-saint-joseph-du-pilier-rouge\/wp-json\/wp\/v2\/categories?post=20196"}],"curies":[{"name":"wp","href":"https:\/\/api.w.org\/{rel}","templated":true}]}}