{"id":21675,"date":"2026-01-22T08:43:44","date_gmt":"2026-01-22T07:43:44","guid":{"rendered":"https:\/\/www.estran-brest.fr\/fenelon\/?p=21675"},"modified":"2026-01-22T08:43:45","modified_gmt":"2026-01-22T07:43:45","slug":"s2tmd","status":"publish","type":"post","link":"https:\/\/www.estran-brest.fr\/fenelon\/2026\/01\/22\/s2tmd\/","title":{"rendered":"Orientation : les \u00e9l\u00e8ves S2TMD \u00e0 la rencontre de musiciens professionnels"},"content":{"rendered":"\n<p>Dans le cadre de leur parcours d\u2019orientation, les \u00e9l\u00e8ves musiciens de la fili\u00e8re <strong>S2TMD<\/strong> ont eu l\u2019opportunit\u00e9, au mois de novembre, de rencontrer deux musiciens professionnels de la <strong>Musique des Transmissions de Rennes<\/strong>, orchestre d\u2019harmonie reconnu au niveau national.<\/p>\n\n\n\n<p>Le <strong>Sergent-chef Legoupil<\/strong> et le <strong>Caporal-chef Qu\u00e9r\u00e9<\/strong> sont venus partager leur exp\u00e9rience, leur parcours de formation et leur quotidien au sein d\u2019un ensemble musical professionnel. Ces \u00e9changes ont permis aux \u00e9l\u00e8ves de mieux comprendre les exigences du m\u00e9tier de musicien, les d\u00e9bouch\u00e9s possibles ainsi que les r\u00e9alit\u00e9s du monde professionnel artistique.<\/p>\n\n\n\n<p>Au-del\u00e0 de la dimension musicale, cette rencontre a constitu\u00e9 un v\u00e9ritable temps fort d\u2019orientation, aidant les \u00e9l\u00e8ves \u00e0 se projeter dans leur avenir et \u00e0 nourrir leur r\u00e9flexion sur les \u00e9tudes et carri\u00e8res possibles apr\u00e8s le lyc\u00e9e.<\/p>\n\n\n\n<p>L\u2019\u00e9tablissement remercie chaleureusement les intervenants pour leur disponibilit\u00e9, leur p\u00e9dagogie et la richesse des \u00e9changes propos\u00e9s aux \u00e9l\u00e8ves. Une exp\u00e9rience inspirante et formatrice, pleinement en lien avec les objectifs de la fili\u00e8re S2TMD. <\/p>\n\n\n\n<figure class=\"wp-block-gallery has-nested-images columns-default is-cropped wp-block-gallery-1 is-layout-flex wp-block-gallery-is-layout-flex\">\n<figure class=\"wp-block-image size-large\"><img loading=\"lazy\" decoding=\"async\" width=\"903\" height=\"631\" data-id=\"21676\" src=\"https:\/\/www.estran-brest.fr\/fenelon\/wp-content\/uploads\/sites\/6\/2026\/01\/Capture-decran-2026-01-22-081918.png\" alt=\"\" class=\"wp-image-21676\" srcset=\"https:\/\/www.estran-brest.fr\/fenelon\/wp-content\/uploads\/sites\/6\/2026\/01\/Capture-decran-2026-01-22-081918.png 903w, https:\/\/www.estran-brest.fr\/fenelon\/wp-content\/uploads\/sites\/6\/2026\/01\/Capture-decran-2026-01-22-081918-300x210.png 300w, https:\/\/www.estran-brest.fr\/fenelon\/wp-content\/uploads\/sites\/6\/2026\/01\/Capture-decran-2026-01-22-081918-768x537.png 768w, https:\/\/www.estran-brest.fr\/fenelon\/wp-content\/uploads\/sites\/6\/2026\/01\/Capture-decran-2026-01-22-081918-600x419.png 600w\" sizes=\"auto, (max-width: 903px) 100vw, 903px\" \/><\/figure>\n<\/figure>\n","protected":false},"excerpt":{"rendered":"<p>Dans le cadre de leur parcours d\u2019orientation, les \u00e9l\u00e8ves musiciens de la fili\u00e8re S2TMD ont eu l\u2019opportunit\u00e9, au mois de novembre, de rencontrer deux musiciens professionnels de la Musique des Transmissions de Rennes, orchestre d\u2019harmonie reconnu au niveau national.<\/p>\n","protected":false},"author":6,"featured_media":21676,"comment_status":"closed","ping_status":"closed","sticky":false,"template":"","format":"standard","meta":{"_acf_changed":false,"inline_featured_image":false,"_monsterinsights_skip_tracking":false,"_monsterinsights_sitenote_active":false,"_monsterinsights_sitenote_note":"","_monsterinsights_sitenote_category":0,"_uf_show_specific_survey":0,"_uf_disable_surveys":false,"footnotes":""},"categories":[5,4],"class_list":["post-21675","post","type-post","status-publish","format-standard","has-post-thumbnail","hentry","category-actualites","category-fenelon"],"acf":[],"_links":{"self":[{"href":"https:\/\/www.estran-brest.fr\/fenelon\/wp-json\/wp\/v2\/posts\/21675","targetHints":{"allow":["GET"]}}],"collection":[{"href":"https:\/\/www.estran-brest.fr\/fenelon\/wp-json\/wp\/v2\/posts"}],"about":[{"href":"https:\/\/www.estran-brest.fr\/fenelon\/wp-json\/wp\/v2\/types\/post"}],"author":[{"embeddable":true,"href":"https:\/\/www.estran-brest.fr\/fenelon\/wp-json\/wp\/v2\/users\/6"}],"replies":[{"embeddable":true,"href":"https:\/\/www.estran-brest.fr\/fenelon\/wp-json\/wp\/v2\/comments?post=21675"}],"version-history":[{"count":1,"href":"https:\/\/www.estran-brest.fr\/fenelon\/wp-json\/wp\/v2\/posts\/21675\/revisions"}],"predecessor-version":[{"id":21677,"href":"https:\/\/www.estran-brest.fr\/fenelon\/wp-json\/wp\/v2\/posts\/21675\/revisions\/21677"}],"wp:featuredmedia":[{"embeddable":true,"href":"https:\/\/www.estran-brest.fr\/fenelon\/wp-json\/wp\/v2\/media\/21676"}],"wp:attachment":[{"href":"https:\/\/www.estran-brest.fr\/fenelon\/wp-json\/wp\/v2\/media?parent=21675"}],"wp:term":[{"taxonomy":"category","embeddable":true,"href":"https:\/\/www.estran-brest.fr\/fenelon\/wp-json\/wp\/v2\/categories?post=21675"}],"curies":[{"name":"wp","href":"https:\/\/api.w.org\/{rel}","templated":true}]}}