{"id":21082,"date":"2025-10-22T09:51:02","date_gmt":"2025-10-22T07:51:02","guid":{"rendered":"https:\/\/www.estran-brest.fr\/sup\/?p=21082"},"modified":"2025-11-14T08:22:58","modified_gmt":"2025-11-14T07:22:58","slug":"bachelor-expert-digital-charles-de-foucauld","status":"publish","type":"post","link":"https:\/\/www.estran-brest.fr\/sup\/2025\/10\/22\/bachelor-expert-digital-charles-de-foucauld\/","title":{"rendered":"Le Bachelor \u00e0 Charles de Foucauld : former les experts du digital de demain"},"content":{"rendered":"\n<p>Depuis un mois d\u00e9j\u00e0, nos \u00e9tudiants du Bachelor Expert Strat\u00e9gie Digitale ont repris le chemin des cours avec enthousiasme et ambition. Ce programme professionnalisant a pour objectif de former des sp\u00e9cialistes du num\u00e9rique capables d\u2019accompagner les entreprises dans leur transition digitale et d\u2019imaginer les solutions innovantes de demain.<\/p>\n\n\n\n<p>Tout au long de l\u2019ann\u00e9e, les \u00e9tudiants d\u00e9veloppent leurs comp\u00e9tences dans plusieurs domaines cl\u00e9s : le marketing digital, la communication, la gestion de projet, l\u2019analyse de donn\u00e9es et le d\u00e9veloppement web. L\u2019enseignement alterne entre cours th\u00e9oriques, ateliers pratiques et p\u00e9riodes en entreprise, favorisant une immersion concr\u00e8te dans le monde professionnel.<\/p>\n\n\n\n<h4 class=\"wp-block-heading\">Une promotion motiv\u00e9e et engag\u00e9e : le WebLab<\/h4>\n\n\n\n<p>Cette ann\u00e9e, la promotion compte neuf \u00e9tudiants, r\u00e9unis sous le nom de WebLab by Estran. Ensemble, ils collaborent sur diff\u00e9rents projets r\u00e9els et concrets, confi\u00e9s par de v\u00e9ritables entreprises partenaires. Ces projets sont autant d\u2019opportunit\u00e9s de mettre en pratique les enseignements re\u00e7us et de d\u00e9montrer leur cr\u00e9ativit\u00e9 et leur esprit d\u2019\u00e9quipe.<\/p>\n\n\n\n<p>Tous les \u00e9tudiants suivent le cursus en alternance, au sein d\u2019entreprises d\u2019accueil vari\u00e9es telles que Le R\u00e9seau Le Saint, L\u2019Astrolabe, Cegefi conseil ou encore Kesten Morlaix et bien d\u2019autres encore. Cette exp\u00e9rience leur permet de d\u00e9velopper une vision globale des enjeux num\u00e9riques et de renforcer leurs comp\u00e9tences op\u00e9rationnelles au contact du terrain.<\/p>\n\n\n\n<h4 class=\"wp-block-heading\">Des projets innovants \u00e0 venir<\/h4>\n\n\n\n<p>Tout au long de l\u2019ann\u00e9e, l\u2019\u00e9quipe de WebLab by Estran participera \u00e0 la conception de plusieurs projets professionnels, alliant innovation, strat\u00e9gie et digitalisation. Le Bachelor Expert Strat\u00e9gie Digitale sera fier de vous pr\u00e9senter prochainement leurs r\u00e9alisations.<\/p>\n\n\n\n<p>Restez connect\u00e9s pour d\u00e9couvrir leurs projets et suivre leurs r\u00e9ussites !<\/p>\n\n\n\n<figure class=\"wp-block-gallery has-nested-images columns-default is-cropped wp-block-gallery-1 is-layout-flex wp-block-gallery-is-layout-flex\">\n<figure class=\"wp-block-image size-large\"><img loading=\"lazy\" decoding=\"async\" width=\"1024\" height=\"920\" data-id=\"21083\" src=\"https:\/\/www.estran-brest.fr\/sup\/wp-content\/uploads\/sites\/7\/2025\/10\/Logo-Web-Lab-Monochrome-blanc-fond-bleu-grand-format-1024x920.png\" alt=\"\" class=\"wp-image-21083\" title=\"\" srcset=\"https:\/\/www.estran-brest.fr\/sup\/wp-content\/uploads\/sites\/7\/2025\/10\/Logo-Web-Lab-Monochrome-blanc-fond-bleu-grand-format-1024x920.png 1024w, https:\/\/www.estran-brest.fr\/sup\/wp-content\/uploads\/sites\/7\/2025\/10\/Logo-Web-Lab-Monochrome-blanc-fond-bleu-grand-format-300x269.png 300w, https:\/\/www.estran-brest.fr\/sup\/wp-content\/uploads\/sites\/7\/2025\/10\/Logo-Web-Lab-Monochrome-blanc-fond-bleu-grand-format-768x690.png 768w, https:\/\/www.estran-brest.fr\/sup\/wp-content\/uploads\/sites\/7\/2025\/10\/Logo-Web-Lab-Monochrome-blanc-fond-bleu-grand-format-1536x1380.png 1536w, https:\/\/www.estran-brest.fr\/sup\/wp-content\/uploads\/sites\/7\/2025\/10\/Logo-Web-Lab-Monochrome-blanc-fond-bleu-grand-format-2048x1840.png 2048w, https:\/\/www.estran-brest.fr\/sup\/wp-content\/uploads\/sites\/7\/2025\/10\/Logo-Web-Lab-Monochrome-blanc-fond-bleu-grand-format-600x539.png 600w\" sizes=\"auto, (max-width: 1024px) 100vw, 1024px\" \/><\/figure>\n\n\n\n<figure class=\"wp-block-image size-large\"><img loading=\"lazy\" decoding=\"async\" width=\"1024\" height=\"768\" data-id=\"21084\" src=\"https:\/\/www.estran-brest.fr\/sup\/wp-content\/uploads\/sites\/7\/2025\/10\/IMG_4895-1024x768.jpeg\" alt=\"\" class=\"wp-image-21084\" title=\"\" srcset=\"https:\/\/www.estran-brest.fr\/sup\/wp-content\/uploads\/sites\/7\/2025\/10\/IMG_4895-1024x768.jpeg 1024w, https:\/\/www.estran-brest.fr\/sup\/wp-content\/uploads\/sites\/7\/2025\/10\/IMG_4895-300x225.jpeg 300w, https:\/\/www.estran-brest.fr\/sup\/wp-content\/uploads\/sites\/7\/2025\/10\/IMG_4895-768x576.jpeg 768w, https:\/\/www.estran-brest.fr\/sup\/wp-content\/uploads\/sites\/7\/2025\/10\/IMG_4895-1536x1152.jpeg 1536w, https:\/\/www.estran-brest.fr\/sup\/wp-content\/uploads\/sites\/7\/2025\/10\/IMG_4895-2048x1536.jpeg 2048w, https:\/\/www.estran-brest.fr\/sup\/wp-content\/uploads\/sites\/7\/2025\/10\/IMG_4895-600x450.jpeg 600w\" sizes=\"auto, (max-width: 1024px) 100vw, 1024px\" \/><\/figure>\n<\/figure>\n","protected":false},"excerpt":{"rendered":"<p>Depuis un mois d\u00e9j\u00e0, nos \u00e9tudiants du Bachelor Expert Strat\u00e9gie Digitale ont repris le chemin des cours avec enthousiasme et ambition. Ce programme professionnalisant a pour objectif de former des sp\u00e9cialistes du num\u00e9rique capables d\u2019accompagner les entreprises dans leur transition digitale et d\u2019imaginer les solutions innovantes de demain.<\/p>\n","protected":false},"author":6,"featured_media":21084,"comment_status":"closed","ping_status":"closed","sticky":false,"template":"","format":"standard","meta":{"_acf_changed":false,"inline_featured_image":false,"_monsterinsights_skip_tracking":false,"_monsterinsights_sitenote_active":false,"_monsterinsights_sitenote_note":"","_monsterinsights_sitenote_category":0,"_uf_show_specific_survey":0,"_uf_disable_surveys":false,"footnotes":""},"categories":[28,35],"class_list":["post-21082","post","type-post","status-publish","format-standard","has-post-thumbnail","hentry","category-bachelor-cpeb","category-charles-de-foucauld"],"acf":[],"_links":{"self":[{"href":"https:\/\/www.estran-brest.fr\/sup\/wp-json\/wp\/v2\/posts\/21082","targetHints":{"allow":["GET"]}}],"collection":[{"href":"https:\/\/www.estran-brest.fr\/sup\/wp-json\/wp\/v2\/posts"}],"about":[{"href":"https:\/\/www.estran-brest.fr\/sup\/wp-json\/wp\/v2\/types\/post"}],"author":[{"embeddable":true,"href":"https:\/\/www.estran-brest.fr\/sup\/wp-json\/wp\/v2\/users\/6"}],"replies":[{"embeddable":true,"href":"https:\/\/www.estran-brest.fr\/sup\/wp-json\/wp\/v2\/comments?post=21082"}],"version-history":[{"count":3,"href":"https:\/\/www.estran-brest.fr\/sup\/wp-json\/wp\/v2\/posts\/21082\/revisions"}],"predecessor-version":[{"id":21087,"href":"https:\/\/www.estran-brest.fr\/sup\/wp-json\/wp\/v2\/posts\/21082\/revisions\/21087"}],"wp:featuredmedia":[{"embeddable":true,"href":"https:\/\/www.estran-brest.fr\/sup\/wp-json\/wp\/v2\/media\/21084"}],"wp:attachment":[{"href":"https:\/\/www.estran-brest.fr\/sup\/wp-json\/wp\/v2\/media?parent=21082"}],"wp:term":[{"taxonomy":"category","embeddable":true,"href":"https:\/\/www.estran-brest.fr\/sup\/wp-json\/wp\/v2\/categories?post=21082"}],"curies":[{"name":"wp","href":"https:\/\/api.w.org\/{rel}","templated":true}]}}